{"id":3235,"date":"2026-01-10T12:28:02","date_gmt":"2026-01-10T12:28:02","guid":{"rendered":"http:\/\/www.kikayabinkarubi.net\/?p=3235"},"modified":"2026-04-30T12:32:06","modified_gmt":"2026-04-30T12:32:06","slug":"sorties-mediatiques-incontrolees-des-ministres-symptome-du-vide-de-lautorite-executive","status":"publish","type":"post","link":"http:\/\/www.kikayabinkarubi.net\/?p=3235","title":{"rendered":"Sorties m\u00e9diatiques incontr\u00f4l\u00e9es des ministres : sympt\u00f4me du vide de l\u2019autorit\u00e9 ex\u00e9cutive"},"content":{"rendered":"<p>Les prises de parole publiques non coordonn\u00e9es de plusieurs membres du Gouvernement sur des questions touchant \u00e0 la d\u00e9fense nationale, \u00e0 la s\u00e9curit\u00e9, \u00e0 la coh\u00e9sion sociale et aux relations ext\u00e9rieures traduisent une d\u00e9sorganisation profonde au sommet de l\u2019\u00c9tat.<\/p>\n<p>Le fait que F\u00e9lix Tshisekedi proc\u00e8de de mani\u00e8re r\u00e9currente \u00e0 des rappels \u00e0 l\u2019ordre publics \u00e0 l\u2019endroit des membres du Gouvernement pour non-ex\u00e9cution de ses instructions r\u00e9v\u00e8le une d\u00e9faillance structurelle de l\u2019autorit\u00e9 ex\u00e9cutive. Dans un syst\u00e8me constitutionnel normal, l\u2019autorit\u00e9 hi\u00e9rarchique s\u2019exerce par des actes administratifs contraignants (action disciplinaire, instructions \u00e9crites, mises en demeure, sanctions disciplinaires, r\u00e9vocations), et non par des admonestations verbales r\u00e9p\u00e9t\u00e9es. Pour l\u2019opinion publique, c\u2019est ennuyant. Pour le pays, c\u2019est honteux.<\/p>\n<p>Transformer le Conseil des ministres en une instance de r\u00e9it\u00e9ration des insatisfactions pr\u00e9sidentielles, sans retomb\u00e9es juridiques ni administratives, t\u00e9moigne d\u2019une r\u00e9elle crise de leadership et d\u2019un vide du pouvoir de direction et de contr\u00f4le du PR sur l\u2019action gouvernementale. Cette pratique substitue l\u2019incantation politique \u00e0 la d\u00e9cision administrative, et l\u2019expression de la d\u00e9ception \u00e0 l\u2019exercice effectif de l\u2019autorit\u00e9. Elle r\u00e9v\u00e8le \u00e9galement une d\u00e9sorganisation profonde de la cha\u00eene de commandement gouvernementale. Le Gouvernement appara\u00eet ainsi d\u00e9pourvu de cap op\u00e9rationnel, d\u2019objectifs hi\u00e9rarchis\u00e9s et de m\u00e9canismes d\u2019\u00e9valuation et de sanction, ce qui est contraire aux exigences de bonne gouvernance et de responsabilit\u00e9 administrative.<\/p>\n<p>Dans ce contexte, la Premi\u00e8re ministre se trouve r\u00e9duite \u00e0 un r\u00f4le formel et d\u00e9coratif, telle un tableau de la Joconde, sans ma\u00eetrise r\u00e9elle de l\u2019appareil gouvernemental. Or, le chef du Gouvernement est le d\u00e9tenteur du pouvoir de coordination, de direction et de discipline \u00e0 l\u2019\u00e9gard des ministres. Son incapacit\u00e9 chronique \u00e0 engager la responsabilit\u00e9 disciplinaire d\u2019un membre du Gouvernement, \u00e0 lui adresser une mise en demeure formelle ou \u00e0 proposer sa suspension \u00e0 d\u00e9faut r\u00e9vocation, r\u00e9v\u00e8le une vacance fonctionnelle de l\u2019autorit\u00e9 gouvernementale caract\u00e9ris\u00e9e par : l\u2019inex\u00e9cution des politiques publiques ; l\u2019indiscipline minist\u00e9rielle et l\u2019irresponsabilit\u00e9 administrative.<\/p>\n<p>Il en r\u00e9sulte un ex\u00e9cutif fragment\u00e9, non gouvern\u00e9 et non gouvernant, o\u00f9 les ministres n\u2019ob\u00e9issent ni \u00e0 une ligne politique claire ni \u00e0 une autorit\u00e9 hi\u00e9rarchique effective. Cette situation constitue une violation de l\u2019esprit du principe de responsabilit\u00e9 gouvernementale, pilier de tout \u00c9tat de droit, et explique en grande partie l\u2019inefficacit\u00e9, l\u2019indiscipline et l\u2019anarchie administrative qui caract\u00e9risent actuellement l\u2019action publique.<\/p>\n<p>En tout \u00e9tat de cause, l\u2019absence de cap strat\u00e9gique, de discipline administrative et de coh\u00e9rence fonctionnelle au sein de l\u2019Ex\u00e9cutif est \u00e0 l\u2019image de Tshisekedi lui-m\u00eame, devenu ma\u00eetre en vide de leadership, y compris sur la cinquantaine de ses ministres. C\u2019est avec ces m\u00e9thodes et cette \u00e9quipe indisciplin\u00e9e qu\u2019il pr\u00e9cipite le naufrage de son pouvoir et entra\u00eene le pays dans le chaos.<\/p>\n<p>Par <em>Andr\u00e9 Claudel LUBAYA |<\/em> @LubayaClaudel<\/p>\n","protected":false},"excerpt":{"rendered":"<p>Les prises de parole publiques non coordonn\u00e9es de plusieurs membres<\/p>\n","protected":false},"author":1,"featured_media":3236,"comment_status":"closed","ping_status":"closed","sticky":false,"template":"","format":"standard","meta":{"footnotes":""},"categories":[1],"tags":[],"class_list":["post-3235","post","type-post","status-publish","format-standard","has-post-thumbnail","hentry","category-news"],"featured_image_urls":{"full":["http:\/\/www.kikayabinkarubi.net\/wp-content\/uploads\/2026\/04\/Screenshot-2026-04-30-at-13.30.36.png",798,410,false],"thumbnail":["http:\/\/www.kikayabinkarubi.net\/wp-content\/uploads\/2026\/04\/Screenshot-2026-04-30-at-13.30.36-150x150.png",150,150,true],"medium":["http:\/\/www.kikayabinkarubi.net\/wp-content\/uploads\/2026\/04\/Screenshot-2026-04-30-at-13.30.36-300x154.png",300,154,true],"medium_large":["http:\/\/www.kikayabinkarubi.net\/wp-content\/uploads\/2026\/04\/Screenshot-2026-04-30-at-13.30.36-768x395.png",640,329,true],"large":["http:\/\/www.kikayabinkarubi.net\/wp-content\/uploads\/2026\/04\/Screenshot-2026-04-30-at-13.30.36.png",640,329,false],"1536x1536":["http:\/\/www.kikayabinkarubi.net\/wp-content\/uploads\/2026\/04\/Screenshot-2026-04-30-at-13.30.36.png",798,410,false],"2048x2048":["http:\/\/www.kikayabinkarubi.net\/wp-content\/uploads\/2026\/04\/Screenshot-2026-04-30-at-13.30.36.png",798,410,false],"magnitude-slider-full":["http:\/\/www.kikayabinkarubi.net\/wp-content\/uploads\/2026\/04\/Screenshot-2026-04-30-at-13.30.36.png",798,410,false],"magnitude-featured":["http:\/\/www.kikayabinkarubi.net\/wp-content\/uploads\/2026\/04\/Screenshot-2026-04-30-at-13.30.36.png",798,410,false],"magnitude-medium":["http:\/\/www.kikayabinkarubi.net\/wp-content\/uploads\/2026\/04\/Screenshot-2026-04-30-at-13.30.36-720x380.png",720,380,true],"magnitude-medium-square":["http:\/\/www.kikayabinkarubi.net\/wp-content\/uploads\/2026\/04\/Screenshot-2026-04-30-at-13.30.36-350x300.png",350,300,true]},"author_info":{"display_name":"Team BKBK","author_link":"http:\/\/www.kikayabinkarubi.net\/?author=1"},"category_info":"<a href=\"http:\/\/www.kikayabinkarubi.net\/?cat=1\" rel=\"category\">Les Nouvelles | News<\/a>","tag_info":"Les Nouvelles | News","comment_count":"0","_links":{"self":[{"href":"http:\/\/www.kikayabinkarubi.net\/index.php?rest_route=\/wp\/v2\/posts\/3235","targetHints":{"allow":["GET"]}}],"collection":[{"href":"http:\/\/www.kikayabinkarubi.net\/index.php?rest_route=\/wp\/v2\/posts"}],"about":[{"href":"http:\/\/www.kikayabinkarubi.net\/index.php?rest_route=\/wp\/v2\/types\/post"}],"author":[{"embeddable":true,"href":"http:\/\/www.kikayabinkarubi.net\/index.php?rest_route=\/wp\/v2\/users\/1"}],"replies":[{"embeddable":true,"href":"http:\/\/www.kikayabinkarubi.net\/index.php?rest_route=%2Fwp%2Fv2%2Fcomments&post=3235"}],"version-history":[{"count":1,"href":"http:\/\/www.kikayabinkarubi.net\/index.php?rest_route=\/wp\/v2\/posts\/3235\/revisions"}],"predecessor-version":[{"id":3237,"href":"http:\/\/www.kikayabinkarubi.net\/index.php?rest_route=\/wp\/v2\/posts\/3235\/revisions\/3237"}],"wp:featuredmedia":[{"embeddable":true,"href":"http:\/\/www.kikayabinkarubi.net\/index.php?rest_route=\/wp\/v2\/media\/3236"}],"wp:attachment":[{"href":"http:\/\/www.kikayabinkarubi.net\/index.php?rest_route=%2Fwp%2Fv2%2Fmedia&parent=3235"}],"wp:term":[{"taxonomy":"category","embeddable":true,"href":"http:\/\/www.kikayabinkarubi.net\/index.php?rest_route=%2Fwp%2Fv2%2Fcategories&post=3235"},{"taxonomy":"post_tag","embeddable":true,"href":"http:\/\/www.kikayabinkarubi.net\/index.php?rest_route=%2Fwp%2Fv2%2Ftags&post=3235"}],"curies":[{"name":"wp","href":"https:\/\/api.w.org\/{rel}","templated":true}]}}