{"id":3232,"date":"2026-01-14T12:16:59","date_gmt":"2026-01-14T12:16:59","guid":{"rendered":"http:\/\/www.kikayabinkarubi.net\/?p=3232"},"modified":"2026-04-30T12:27:45","modified_gmt":"2026-04-30T12:27:45","slug":"rdc-qui-instrumentalise-la-milice-mobondo","status":"publish","type":"post","link":"http:\/\/www.kikayabinkarubi.net\/?p=3232","title":{"rendered":"RDC: Qui instrumentalise la milice Mobondo ?"},"content":{"rendered":"<p>Les violences intercommunautaires entre Teke et Yaka \u00e0 l\u2019Ouest du pays ont fait plus de 5.000 morts en 3 ans. L\u2019impuissance des autorit\u00e9s congolaises \u00e0 juguler la crise s\u2019explique notamment par une manipulation du conflit par les \u00e9lites politiques.<\/p>\n<p>Alors que tous les regards sont port\u00e9s sur la crise \u00e0 l\u2019Est de la R\u00e9publique d\u00e9mocratique du Congo (RDC), un autre conflit, aux portes de Kinshasa, semble s\u2019installer. Depuis 2022, l\u2019Ouest du pays est secou\u00e9 par des affrontements et des violences entre les communaut\u00e9s t\u00e9k\u00e9 et yaka. \u00c0 l\u2019origine du conflit, d\u2019abord circonscrit \u00e0 la province du Ma\u00ef-Ndombe, des diff\u00e9rents fonciers entre les deux communaut\u00e9s. Les Yaka d\u00e9non\u00e7ant la hausse des taxes fonci\u00e8res r\u00e9clam\u00e9es par les T\u00e9k\u00e9, qui se consid\u00e8rent comme originaires et propri\u00e9taires des villages situ\u00e9s au bord du fleuve Congo. Pendant tout l\u2019\u00e9t\u00e9 2022, T\u00e9k\u00e9 et Yaka se sont affront\u00e9s \u00e0 l\u2019arme blanche, notamment dans la cit\u00e9 de Kwamouth. Plusieurs raids t\u00e9k\u00e9 ont \u00e9galement \u00e9t\u00e9 men\u00e9s contre des villages yaka, incendiant des centaines de maisons, d\u2019\u00e9coles et de centres de sant\u00e9. Les Yaka se sont organis\u00e9s en milice, les \u00ab <em>Mobondo<\/em> \u00bb, un nom qui fait r\u00e9f\u00e9rence aux amulettes cens\u00e9es les prot\u00e9ger en les rendant invuln\u00e9rables aux balles. Le conflit s\u2019est rapidement r\u00e9pandu aux provinces voisines, Kwilu, Kango, jusqu\u2019aux abords de la capitale Kinshasa. Depuis 3 ans, ces affrontements ont fait plus de 5.000 morts et 300.00 d\u00e9plac\u00e9s dans l\u2019indiff\u00e9rence g\u00e9n\u00e9rale, les autorit\u00e9s congolaises n\u2019ayant jamais r\u00e9ussi \u00e0 juguler la crise.<\/p>\n<h3>\u00ab Lanuit,ce sont eux qui commandent les Mobondo \u00bb<\/h3>\n<p>Le 28 d\u00e9cembre 2025, la conf\u00e9rence de presse du capitaine Anthony Mwalushay, porte-parole de l\u2019op\u00e9ration \u00ab <em>Ngemba<\/em> \u00bb au sein de l\u2019arm\u00e9e, fait l\u2019effet d\u2019une bombe. Le militaire accuse, ni plus ni moins, des proches pouvoir d\u2019\u00eatre li\u00e9s \u00e0 la milice. \u00ab <em>Avec ces mouvements Mobondo, le danger est que la majorit\u00e9 de gens qui sont derri\u00e8re Mobondo sont souvent derri\u00e8re le pr\u00e9sident de la R\u00e9publique. La journ\u00e9e, ils sont comme des agneaux et la nuit, ce sont eux qui commandent les Mobondo. Parce que les captur\u00e9s que nous avons interrog\u00e9 ont cit\u00e9 certains noms<\/em> \u00bb. Et de pr\u00e9venir, \u00ab <em>Si Kinshasa donne raison \u00e0 ces bons parleurs qui sont derri\u00e8re le mouvement Mobondo pour des int\u00e9r\u00eats politiques, nous, les militaires, nous allons faire notre travail<\/em> \u00bb. La menace est donc \u00e0 peine voil\u00e9e. Mais patatra, le 6 janvier 2026, le porte-parole de la 11e r\u00e9gion militaire est rappel\u00e9 \u00e0 Kinshasa, sans explication particuli\u00e8re, provoquant l\u2019incompr\u00e9hension des populations locales.<\/p>\n<h3>\u00ab La main noire de Joseph Kabila \u00bb<\/h3>\n<p>Au coeur de cette crise s\u00e9curitaire, qui allie conflits fonciers, incurie de l\u2019Etat, marginalisation de certaines communaut\u00e9s, on retrouve aussi l\u2019instrumentalisation politique. Le 26 f\u00e9vrier 2025, dans la ville de Bandundu, chef-lieu de la province du Kwilu, Jean-Pierre Bemba, ministre des Transports et poids lourd de la majorit\u00e9 pr\u00e9sidentielle, avait d\u00e9nonc\u00e9 la \u00ab <em>main noire<\/em> \u00bb de Joseph Kabila derri\u00e8re les violences communautaires. \u00ab <em>Du temps de Za\u00efre jusqu\u2019\u00e0 maintenant, je n\u2019ai jamais entendu des tribus s\u2019entre-tuer. Connaissez-vous la personne derri\u00e8re cette r\u00e9alit\u00e9 ? C\u2019est Kabila. Nous avons arr\u00eat\u00e9 ces gens, qui nous ont r\u00e9v\u00e9l\u00e9 la personne qui finance l\u2019ins\u00e9curit\u00e9, qui corrompt et qui tue vos chefs. Tout ceci, c\u2019est Kabila<\/em>\u00bb, avait d\u00e9clar\u00e9 Jean-Pierre Bemba. Un temps, l\u2019id\u00e9e avait circul\u00e9 que les milices Mobondo pouvaient \u00eatre en mission command\u00e9e pour d\u00e9stabiliser Kinshasa, en lien avec l\u2019ancien pr\u00e9sident Joseph Kabila et les rebelles de l\u2019AFC\/M23 qui s\u00e9vissent \u00e0 l\u2019Est du pays. Les r\u00e9centes arrestations de proches de Joseph Kabila, n\u2019ont, pour l\u2019instant, jamais pu prouver un quelconque lien avec les milices Mobondo. Entre-temps, les violences se sont rapproch\u00e9es de Kinshasa, notamment dans la commune de Maluku.<\/p>\n<h3>Fabrice Zombi lego-between entre les Mobondo et la pr\u00e9sidence<\/h3>\n<p>Les autorit\u00e9s congolaises ont toutefois cherch\u00e9 \u00e0 trouver une sortie de crise. Une commission de pacification a \u00e9t\u00e9 mise en place. Mais comme le souligne <a href=\"https:\/\/ipisresearch.be\/wp-content\/uploads\/2025\/12\/20251203_Le-poids-du-silence_comment-la-revolte-des-Mobondo-bouleverse-louest-de-la-RDC.pdf\">un rapport tr\u00e8s document\u00e9<\/a> sur les Mobondos*, un m\u00e9diateur, Fabrice Zombi dit \u00ab <em>Mini Kongo<\/em> \u00bb a \u00e9t\u00e9 d\u00e9sign\u00e9 \u00ab <em>en raison de son appartenance \u00e0 l\u2019ethnie Suku, \u00e9troitement li\u00e9e aux Yaka<\/em> \u00bb. Une initiative tr\u00e8s controvers\u00e9e. De nombreuses personnes interrog\u00e9es par les auteurs du rapport accusent notamment \u00ab <em>Mini Kongo<\/em> \u00bb d\u2019\u00eatre \u00ab <em>un des instigateurs du ph\u00e9nom\u00e8ne des Mobondo et, plus grave encore, de les armer. Sa nomination a donc imm\u00e9diatement sap\u00e9 la cr\u00e9dibilit\u00e9 de la commission aux yeux des T\u00e9k\u00e9<\/em> \u00bb. Fabrice Zombi a d\u2019ailleurs \u00e9t\u00e9 arr\u00eat\u00e9 en juillet 2025, justement \u00ab <em>pour avoir tent\u00e9 de fournir des armes aux Mobondo<\/em> \u00bb. Selon nos informations, Fabrice Zombi a \u00e9t\u00e9 en contact avec la pr\u00e9sidence congolaise via le conseiller sp\u00e9cial en mati\u00e8re de s\u00e9curit\u00e9, D\u00e9sir\u00e9-Cashmir Eberande Kolongele et son directeur de cabinet de l\u2019\u00e9poque, Espoir Masamanki Iziri, devenu vice-gouverneur du Kwilu, une province au coeur du conflit Mobondo.<\/p>\n<p><em>Fabrice Zombi, dit \u00ab Mini Kongo \u00bb avec F\u00e9lix Tshisekedi \u00a9 Pr\u00e9sidence RDC<\/em><\/p>\n<h3>Politisation du conflit<\/h3>\n<p>L\u2019instrumentalisation de groupes arm\u00e9s par le politique n\u2019est pas un ph\u00e9nom\u00e8ne nouveau au Congo. D\u00e9put\u00e9s, ministres, conseillers\u2026 ont tous int\u00e9r\u00eats \u00e0 recruter leur propre milice, plus ou moins bien structur\u00e9e. D\u2019abord pour des questions de s\u00e9curit\u00e9 et palier \u00e0 l\u2019absence de l\u2019Etat, mais surtout pour se rendre incontournable dans leur r\u00e9gion, obtenir des nominations et de l\u2019argent, avec la promesse d\u2019\u00eatre en mesure de \u00ab <em>contr\u00f4ler<\/em> \u00bb leur troupe et prot\u00e9ger le pouvoir en place. Un temps accus\u00e9s d\u2019\u00eatre instrumentalis\u00e9s par Joseph Kabila, les Mobondo ont attaqu\u00e9 la zone de Kingakati, o\u00f9, ironie du sort, l\u2019ancien pr\u00e9sident poss\u00e8de de nombreuses terres. Le <a href=\"https:\/\/pole-institute.org\/wp-content\/uploads\/2025\/05\/Conflit_de_Kwamouth_entre_les_BaTekes_et_les_BaYaka_23052024.pdf\">P\u00f4le Institute<\/a> a \u00e9galement document\u00e9 le ph\u00e9nom\u00e8ne Mobondo dans une \u00e9tude, et remarque que \u00ab <em>les acquisitions fonci\u00e8res faites par le pr\u00e9sident Joseph Kabila ont des germes de contestation qui peuvent avoir des connexions avec le conflit actuel entre Teke et Yaka \u00e0 Maluku<\/em> \u00bb. D\u2019autant que F\u00e9lix Tshisekedi \u00ab <em>est engag\u00e9 dans un processus visant \u00e0 d\u00e9manteler les r\u00e9seaux politico-\u00e9conomiques que l\u2019ancien pr\u00e9sident<\/em> \u00bb. Chacun tente donc de tirer partie de ces groupes arm\u00e9s mall\u00e9ables \u00e0 souhait. La politisation du conflit semble \u00eatre un \u00e9l\u00e9ment-cl\u00e9 qui contribue \u00e0 la persistance et \u00e0 l\u2019intensification du conflit \u00e0 l\u2019Ouest de la RDC. L\u2019arm\u00e9e congolaise semble disposer d\u2019\u00e9l\u00e9ments prouvant l\u2019interconnexion entre Mobondo et \u00e9lite politique de Kinshasa. Mais l\u2019annonce de la divulgation de ces preuves par l\u2019arm\u00e9e ne semble plus \u00e0 l\u2019ordre du jour.<\/p>\n<p>Par <em>Christoph Rigaud<\/em> \u2013 Afrikarabia<\/p>\n<p>&nbsp;<\/p>\n","protected":false},"excerpt":{"rendered":"<p>Les violences intercommunautaires entre Teke et Yaka \u00e0 l\u2019Ouest du<\/p>\n","protected":false},"author":1,"featured_media":3233,"comment_status":"closed","ping_status":"closed","sticky":false,"template":"","format":"standard","meta":{"footnotes":""},"categories":[12,1],"tags":[],"class_list":["post-3232","post","type-post","status-publish","format-standard","has-post-thumbnail","hentry","category-la-voix-des-autres","category-news"],"featured_image_urls":{"full":["http:\/\/www.kikayabinkarubi.net\/wp-content\/uploads\/2026\/04\/mobondo1.jpg",1152,722,false],"thumbnail":["http:\/\/www.kikayabinkarubi.net\/wp-content\/uploads\/2026\/04\/mobondo1-150x150.jpg",150,150,true],"medium":["http:\/\/www.kikayabinkarubi.net\/wp-content\/uploads\/2026\/04\/mobondo1-300x188.jpg",300,188,true],"medium_large":["http:\/\/www.kikayabinkarubi.net\/wp-content\/uploads\/2026\/04\/mobondo1-768x481.jpg",640,401,true],"large":["http:\/\/www.kikayabinkarubi.net\/wp-content\/uploads\/2026\/04\/mobondo1-1024x642.jpg",640,401,true],"1536x1536":["http:\/\/www.kikayabinkarubi.net\/wp-content\/uploads\/2026\/04\/mobondo1.jpg",1152,722,false],"2048x2048":["http:\/\/www.kikayabinkarubi.net\/wp-content\/uploads\/2026\/04\/mobondo1.jpg",1152,722,false],"magnitude-slider-full":["http:\/\/www.kikayabinkarubi.net\/wp-content\/uploads\/2026\/04\/mobondo1-1152x720.jpg",1152,720,true],"magnitude-featured":["http:\/\/www.kikayabinkarubi.net\/wp-content\/uploads\/2026\/04\/mobondo1-1024x642.jpg",1024,642,true],"magnitude-medium":["http:\/\/www.kikayabinkarubi.net\/wp-content\/uploads\/2026\/04\/mobondo1-720x380.jpg",720,380,true],"magnitude-medium-square":["http:\/\/www.kikayabinkarubi.net\/wp-content\/uploads\/2026\/04\/mobondo1-350x300.jpg",350,300,true]},"author_info":{"display_name":"Team BKBK","author_link":"http:\/\/www.kikayabinkarubi.net\/?author=1"},"category_info":"<a href=\"http:\/\/www.kikayabinkarubi.net\/?cat=12\" rel=\"category\">La voix des autres<\/a> <a href=\"http:\/\/www.kikayabinkarubi.net\/?cat=1\" rel=\"category\">Les Nouvelles | News<\/a>","tag_info":"Les Nouvelles | News","comment_count":"0","_links":{"self":[{"href":"http:\/\/www.kikayabinkarubi.net\/index.php?rest_route=\/wp\/v2\/posts\/3232","targetHints":{"allow":["GET"]}}],"collection":[{"href":"http:\/\/www.kikayabinkarubi.net\/index.php?rest_route=\/wp\/v2\/posts"}],"about":[{"href":"http:\/\/www.kikayabinkarubi.net\/index.php?rest_route=\/wp\/v2\/types\/post"}],"author":[{"embeddable":true,"href":"http:\/\/www.kikayabinkarubi.net\/index.php?rest_route=\/wp\/v2\/users\/1"}],"replies":[{"embeddable":true,"href":"http:\/\/www.kikayabinkarubi.net\/index.php?rest_route=%2Fwp%2Fv2%2Fcomments&post=3232"}],"version-history":[{"count":1,"href":"http:\/\/www.kikayabinkarubi.net\/index.php?rest_route=\/wp\/v2\/posts\/3232\/revisions"}],"predecessor-version":[{"id":3234,"href":"http:\/\/www.kikayabinkarubi.net\/index.php?rest_route=\/wp\/v2\/posts\/3232\/revisions\/3234"}],"wp:featuredmedia":[{"embeddable":true,"href":"http:\/\/www.kikayabinkarubi.net\/index.php?rest_route=\/wp\/v2\/media\/3233"}],"wp:attachment":[{"href":"http:\/\/www.kikayabinkarubi.net\/index.php?rest_route=%2Fwp%2Fv2%2Fmedia&parent=3232"}],"wp:term":[{"taxonomy":"category","embeddable":true,"href":"http:\/\/www.kikayabinkarubi.net\/index.php?rest_route=%2Fwp%2Fv2%2Fcategories&post=3232"},{"taxonomy":"post_tag","embeddable":true,"href":"http:\/\/www.kikayabinkarubi.net\/index.php?rest_route=%2Fwp%2Fv2%2Ftags&post=3232"}],"curies":[{"name":"wp","href":"https:\/\/api.w.org\/{rel}","templated":true}]}}