{"id":3229,"date":"2026-01-14T12:12:07","date_gmt":"2026-01-14T12:12:07","guid":{"rendered":"http:\/\/www.kikayabinkarubi.net\/?p=3229"},"modified":"2026-04-30T12:15:19","modified_gmt":"2026-04-30T12:15:19","slug":"communique-du-mouvement-sauvons-la-rdc-au-sujet-du-dialogue","status":"publish","type":"post","link":"http:\/\/www.kikayabinkarubi.net\/?p=3229","title":{"rendered":"Communiqu\u00e9 du Mouvement Sauvons la RDC au sujet du Dialogue"},"content":{"rendered":"<p>Ayant \u00e9t\u00e9 consult\u00e9 \u00e0 deux reprises, par les hautes autorit\u00e9s de la R\u00e9publique d\u2019Angola, \u00e0 leur initiative, au sujet d\u2019un \u00e9ventuel dialogue entre congolais, le Mouvement Sauvons la RDC, salue l\u2019implication personnelle de Son Excellence Jo\u00e3o Manuel Gon\u00e7alves Louren\u00e7o, Pr\u00e9sident de la R\u00e9publique d\u2019Angola, dans la recherche de la paix en R\u00e9publique D\u00e9mocratique du Congo et r\u00e9affirme, pour sa part, son attachement et son engagement au dialogue comme meilleur moyen de r\u00e8glement des conflits.<\/p>\n<p>Il tient n\u00e9anmoins \u00e0 exprimer, ci-apr\u00e8s, ses pr\u00e9occupations et observations en rapport avec cette nouvelle initiative.<\/p>\n<ol>\n<li>Le succ\u00e8s de tout dialogue repose d\u2019abord et avant tout sur la sinc\u00e9rit\u00e9, la bonne foi des parties, ainsi que sur leur constance dans le respect des engagements. Pas sur le nombre de voyages effectu\u00e9s, de capitales visit\u00e9es ou de m\u00e9diateurs de haut rang invit\u00e9s \u00e0 s\u2019impliquer. Le changement sans arr\u00eat de lieux et de m\u00e9diateurs auquel nous assistons \u2013 de Nairobi \u00e0 Luanda, de Luanda \u00e0 Doha, de Doha \u00e0 Luanda, en passant bri\u00e8vement par Bujumbura, Kampala, Lom\u00e9 et tant d\u2019autres capitales, consacre l\u2019instabilit\u00e9 de la vision, laisse un go\u00fbt d\u2019inachev\u00e9 et semble voulu, beaucoup plus, pour donner le tournis que l\u2019assurance attendue du pouvoir qu\u2019il aurait finalement compris \u2013 mieux vaut tard que jamais, le bien-fond\u00e9 d\u2019une solution politique \u00e0 la crise. Bien plus, l\u2019instabilit\u00e9 de la parole d\u2019Etat, les ambiguit\u00e9s strat\u00e9giques, les contradictions quant au choix des options pour la r\u00e9solution de la crise, l\u2019instrumentalisation des processus politiques, et la manipulation de ceux-ci afin de faire triompher sa cause et non celle du pays, ont fini par enlever toute fiabilit\u00e9 aux discours tenus et engagements pris par le Pr\u00e9sidentTshisekedi et son r\u00e9gime, \u00e0 l\u2019int\u00e9rieur comme \u00e0 l\u2019ext\u00e9rieur du pays.<\/li>\n<li>La volont\u00e9 politique se prouve par le respect des engagements pris et des accords d\u00e9j\u00e0 sign\u00e9s. En l\u2019esp\u00e8ce, il s\u2019agit notamment et principalement de ceux portant sur la lib\u00e9ration des prisonniers, la d\u00e9crispation du climat politique et l\u2019observance du cessez-le-feu souscrits par le Gouvernement. Contrairement \u00e0 ces accords et engagements, le Gouvernement du Pr\u00e9sident Tshisekedi continue \u00e0 arr\u00eater et\/ou enlever, contraindre \u00e0 l\u2019exil des opposants politiques, des g\u00e9n\u00e9raux et autres officiers, des journalistes, des activistes des droits de l\u2019homme ainsi que tous ceux qui, au nom de la libert\u00e9 d\u2019opinion qui est constitutionnellement reconnue \u00e0 tous les citoyens congolais, se permettent d\u2019\u00e9mettre un son discordant par rapport \u00e0 celui du pouvoir. De la m\u00eame mani\u00e8re, toutes les fois que le Pr\u00e9sident Tshisekedi prend son avion pour, soi-disant, aller \u00e0 la recherche de la paix, il laisse derri\u00e8re lui des instructions pour de grands mouvements des troupes, des attaques massives sur des localit\u00e9s dens\u00e9ment peupl\u00e9es, ainsi que des bombardements des civils par des drones et des avions de combat.<\/li>\n<\/ol>\n<p>C\u2019est dans ce contexte que s\u2019inscrit, sans nul doute, un nouveau massacre, accompagn\u00e9 d\u2019actes de torture et d\u2019autres traitements inhumains, survenu le 11 janvier 2026 \u00e0 Bukama, \u00e0 l\u2019encontre de populations civiles sans d\u00e9fense, perp\u00e9tr\u00e9 par des \u00e9l\u00e9ments des FARDC d\u00e9ploy\u00e9s sur ordre de Kinshasa dans cette partie de la province du Haut-Lomami.<\/p>\n<p>Au regard de ce triste record, il doit \u00eatre plus que jamais entendu que les mesures de d\u00e9crispation politique et d\u2019expression de la volont\u00e9 politique de dialoguer, sont des pr\u00e9alables \u00e0 tout engagement de notre part dans un quelconque dialogue et ne sont pas marchandables. Et ce sont des d\u00e9cisions les rendant effectives qui sont attendues, et non des promesses qui, d\u2019exp\u00e9rience, n\u2019ont aucune chance d\u2019\u00eatre tenues.<\/p>\n<ol start=\"3\">\n<li>Si r\u00e9ellement, l\u2019objectif est le r\u00e9tablissement de la paix, il est plus indiqu\u00e9 de vider le processus de Doha qui engage le gouvernement et l\u2019opposition arm\u00e9e, avant de passer au dialogue, afin que tous les aspects militaires de la crise ayant \u00e9t\u00e9 pris en charge et que toutes les modalit\u00e9s idoines pour faire taire les armes, y compris le cessez-le- feu, convenus par les parties en cause ayant \u00e9t\u00e9 mises en \u0153uvre, le dialogue puisse se d\u00e9rouler plus sereinement et avoir plus de chance d\u2019\u00eatre ce qu\u2019il est cens\u00e9 \u00eatre, \u00e0 savoir: un forum et le lieu par excellence de la cons\u00e9cration de la r\u00e9conciliation, de la paix retrouv\u00e9e, de l\u2019unit\u00e9 de la nation restaur\u00e9e et d\u2019un consensus sur les conditions du mieux vivre ensemble.<\/li>\n<li>Pour aboutir \u00e0 un r\u00e9sultat satisfaisant, le dialogue doit \u00eatre inclusif et sans tabou. En effet, il n\u2019y a pas de vrai dialogue lorsque la rencontre, comme plusieurs signaux l\u2019indiquent, est dict\u00e9e par les caprices d\u2019une des parties qui, de surcro\u00eet, est, du fait de ses d\u00e9cisions et de ses politiques, le g\u00e9niteur et l\u2019amplificateur de la plupart des probl\u00e8mes \u00e0 r\u00e9soudre.<\/li>\n<li>Les Ev\u00eaques des Eglises catholique et protestante du Congo, qui ont abattu un travail pr\u00e9paratoire remarquable, ayant pris soin de rencontrer et d\u2019\u00e9couter, sans \u00e0 priori, toutes les principales forces politiques et sociales parties prenantes \u00e0 un \u00e9ventuel dialogue, ainsi que des Chefs d\u2019Etat et de Gouvernement de la r\u00e9gion et au-del\u00e0, et qui donc connaissent aussi bien les acteurs que les causes de la crise, sont les mieux indiqu\u00e9s pour assurer la m\u00e9diation pendant tout \u00e9ventuel dialogue. Autant nous sommes convaincus qu\u2019aux probl\u00e8mes africains, il faut des solutions africaines, autant nous affirmons que les probl\u00e8mes des Congolais ne peuvent \u00eatre r\u00e9gl\u00e9s sans l\u2019implication active des Congolais eux-m\u00eames. Imposer un v\u00e9to \u00e0 l\u2019implication de nos Ev\u00eaques comme m\u00e9diateurs, comme le fait le pouvoir en place, porte \u00e0 croire que, beaucoup moins qu\u2019un v\u00e9ritable dialogue, ce qui est projet\u00e9 est une tentative de r\u00e9\u00e9dition, abusant au passage de la bonne foi et de l\u2019aura d\u2019un illustre fils du continent, en la personne du Pr\u00e9sident de la R\u00e9publique d\u2019Angola, d\u2019une man\u0153uvre tent\u00e9e sans succ\u00e8s en son temps par le Pr\u00e9sident Tshisekedi et son Conseiller Sp\u00e9cial en mati\u00e8re de S\u00e9curit\u00e9. Donc, en somme, une r\u00e9union de plus pour gagner du temps pour les uns et en perdre pour les autres, en sacrifiant les int\u00e9r\u00eats du pays.<\/li>\n<\/ol>\n<p>Link to document: <a href=\"https:\/\/sauvonslardc.org\/wp-content\/uploads\/2026\/01\/Communique-SauvonsLaRdc-14Janvier-2026.pdf\">https:\/\/sauvonslardc.org\/wp-content\/uploads\/2026\/01\/Communique-SauvonsLaRdc-14Janvier-2026.pdf<\/a><\/p>\n","protected":false},"excerpt":{"rendered":"<p>Ayant \u00e9t\u00e9 consult\u00e9 \u00e0 deux reprises, par les hautes autorit\u00e9s<\/p>\n","protected":false},"author":1,"featured_media":3224,"comment_status":"closed","ping_status":"closed","sticky":false,"template":"","format":"standard","meta":{"footnotes":""},"categories":[12,1,61],"tags":[],"class_list":["post-3229","post","type-post","status-publish","format-standard","has-post-thumbnail","hentry","category-la-voix-des-autres","category-news","category-reconstruire-la-rdc"],"featured_image_urls":{"full":["http:\/\/www.kikayabinkarubi.net\/wp-content\/uploads\/2026\/04\/Screenshot-2026-04-30-at-13.06.55-e1777551310379.png",1202,390,false],"thumbnail":["http:\/\/www.kikayabinkarubi.net\/wp-content\/uploads\/2026\/04\/Screenshot-2026-04-30-at-13.06.55-e1777551310379-150x150.png",150,150,true],"medium":["http:\/\/www.kikayabinkarubi.net\/wp-content\/uploads\/2026\/04\/Screenshot-2026-04-30-at-13.06.55-e1777551310379-300x97.png",300,97,true],"medium_large":["http:\/\/www.kikayabinkarubi.net\/wp-content\/uploads\/2026\/04\/Screenshot-2026-04-30-at-13.06.55-e1777551310379-768x249.png",640,208,true],"large":["http:\/\/www.kikayabinkarubi.net\/wp-content\/uploads\/2026\/04\/Screenshot-2026-04-30-at-13.06.55-e1777551310379-1024x332.png",640,208,true],"1536x1536":["http:\/\/www.kikayabinkarubi.net\/wp-content\/uploads\/2026\/04\/Screenshot-2026-04-30-at-13.06.55-e1777551310379.png",1202,390,false],"2048x2048":["http:\/\/www.kikayabinkarubi.net\/wp-content\/uploads\/2026\/04\/Screenshot-2026-04-30-at-13.06.55-e1777551310379.png",1202,390,false],"magnitude-slider-full":["http:\/\/www.kikayabinkarubi.net\/wp-content\/uploads\/2026\/04\/Screenshot-2026-04-30-at-13.06.55-e1777551310379.png",1202,390,false],"magnitude-featured":["http:\/\/www.kikayabinkarubi.net\/wp-content\/uploads\/2026\/04\/Screenshot-2026-04-30-at-13.06.55-e1777551310379-1024x332.png",1024,332,true],"magnitude-medium":["http:\/\/www.kikayabinkarubi.net\/wp-content\/uploads\/2026\/04\/Screenshot-2026-04-30-at-13.06.55-e1777551310379-720x380.png",720,380,true],"magnitude-medium-square":["http:\/\/www.kikayabinkarubi.net\/wp-content\/uploads\/2026\/04\/Screenshot-2026-04-30-at-13.06.55-e1777551310379-350x300.png",350,300,true]},"author_info":{"display_name":"Team BKBK","author_link":"http:\/\/www.kikayabinkarubi.net\/?author=1"},"category_info":"<a href=\"http:\/\/www.kikayabinkarubi.net\/?cat=12\" rel=\"category\">La voix des autres<\/a> <a href=\"http:\/\/www.kikayabinkarubi.net\/?cat=1\" rel=\"category\">Les Nouvelles | News<\/a> <a href=\"http:\/\/www.kikayabinkarubi.net\/?cat=61\" rel=\"category\">Reconstruire la RDC<\/a>","tag_info":"Reconstruire la RDC","comment_count":"0","_links":{"self":[{"href":"http:\/\/www.kikayabinkarubi.net\/index.php?rest_route=\/wp\/v2\/posts\/3229","targetHints":{"allow":["GET"]}}],"collection":[{"href":"http:\/\/www.kikayabinkarubi.net\/index.php?rest_route=\/wp\/v2\/posts"}],"about":[{"href":"http:\/\/www.kikayabinkarubi.net\/index.php?rest_route=\/wp\/v2\/types\/post"}],"author":[{"embeddable":true,"href":"http:\/\/www.kikayabinkarubi.net\/index.php?rest_route=\/wp\/v2\/users\/1"}],"replies":[{"embeddable":true,"href":"http:\/\/www.kikayabinkarubi.net\/index.php?rest_route=%2Fwp%2Fv2%2Fcomments&post=3229"}],"version-history":[{"count":1,"href":"http:\/\/www.kikayabinkarubi.net\/index.php?rest_route=\/wp\/v2\/posts\/3229\/revisions"}],"predecessor-version":[{"id":3230,"href":"http:\/\/www.kikayabinkarubi.net\/index.php?rest_route=\/wp\/v2\/posts\/3229\/revisions\/3230"}],"wp:featuredmedia":[{"embeddable":true,"href":"http:\/\/www.kikayabinkarubi.net\/index.php?rest_route=\/wp\/v2\/media\/3224"}],"wp:attachment":[{"href":"http:\/\/www.kikayabinkarubi.net\/index.php?rest_route=%2Fwp%2Fv2%2Fmedia&parent=3229"}],"wp:term":[{"taxonomy":"category","embeddable":true,"href":"http:\/\/www.kikayabinkarubi.net\/index.php?rest_route=%2Fwp%2Fv2%2Fcategories&post=3229"},{"taxonomy":"post_tag","embeddable":true,"href":"http:\/\/www.kikayabinkarubi.net\/index.php?rest_route=%2Fwp%2Fv2%2Ftags&post=3229"}],"curies":[{"name":"wp","href":"https:\/\/api.w.org\/{rel}","templated":true}]}}