{"id":3220,"date":"2026-04-30T12:02:20","date_gmt":"2026-04-30T12:02:20","guid":{"rendered":"http:\/\/www.kikayabinkarubi.net\/?p=3220"},"modified":"2026-04-30T12:02:20","modified_gmt":"2026-04-30T12:02:20","slug":"cndh-accuse-de-derive-constitutionnelle","status":"publish","type":"post","link":"http:\/\/www.kikayabinkarubi.net\/?p=3220","title":{"rendered":"CNDH accus\u00e9 de d\u00e9rive constitutionnelle"},"content":{"rendered":"<p>Le Cadre de concertation des forces politiques et sociales a accus\u00e9 jeudi la Commission nationale des droits de l\u2019homme (@rdc_cndh ) de \u00ab d\u00e9rive institutionnelle \u00bb et de contradictions factuelles face \u00e0 la recrudescence de la \u00ab\u00a0r\u00e9pression\u00a0\u00bb politique en RDC.<\/p>\n<p>Dans un communiqu\u00e9 sign\u00e9 par son coordonnateur et porte-parole, Mr Michel Mwika @MichelMwika, la plateforme dit avoir pris connaissance d\u2019une r\u00e9cente prise de position de la CNDH qu\u2019elle juge \u00ab complaisante \u00bb \u00e0 l\u2019\u00e9gard des autorit\u00e9s, dans un contexte marqu\u00e9, selon elle, par des arrestations arbitraires et l\u2019\u00e9rosion de l\u2019\u00c9tat de droit.<\/p>\n<p>Le Cadre de concertation reproche notamment \u00e0 la CNDH de justifier l\u2019action des services de s\u00e9curit\u00e9 par des arguments li\u00e9s \u00e0 la situation s\u00e9curitaire et \u00e0 la d\u00e9fense de l\u2019int\u00e9grit\u00e9 territoriale, estimant que cette rh\u00e9torique sert de pr\u00e9texte \u00e0 la restriction des libert\u00e9s publiques, y compris dans des zones \u00e9loign\u00e9es des conflits arm\u00e9s.<\/p>\n<p>La plateforme critique \u00e9galement la \u00ab passivit\u00e9 \u00bb de l\u2019institution nationale des droits de l\u2019homme face aux arrestations d\u2019acteurs politiques et de citoyens, affirmant que la CNDH se limite \u00e0 rappeler les textes constitutionnels sans constater ni qualifier les violations pr\u00e9sum\u00e9es.<\/p>\n<p>Elle d\u00e9nonce en outre ce qu\u2019elle qualifie de \u00ab formalisme vide \u00bb du suivi institutionnel revendiqu\u00e9 par la CNDH, estimant que l\u2019invocation de la neutralit\u00e9 proc\u00e9durale est incompatible avec le mandat et les principes internationaux r\u00e9gissant les institutions nationales des droits de l\u2019homme.<\/p>\n<p>Dans son communiqu\u00e9, le Cadre de concertation rejette enfin les appels de la CNDH \u00e0 la retenue et \u00e0 la coh\u00e9sion nationale, consid\u00e9rant que ces exhortations font peser la responsabilit\u00e9 des tensions politiques sur les victimes de la r\u00e9pression.<\/p>\n<p>Par <em>Pascal Mulegwa<\/em> sur Twitter https:\/\/x.com\/pascal_mulegwa\/status\/2014369783257382919?s=20<\/p>\n","protected":false},"excerpt":{"rendered":"<p>Le Cadre de concertation des forces politiques et sociales a<\/p>\n","protected":false},"author":1,"featured_media":3221,"comment_status":"closed","ping_status":"closed","sticky":false,"template":"","format":"standard","meta":{"footnotes":""},"categories":[12,1],"tags":[],"class_list":["post-3220","post","type-post","status-publish","format-standard","has-post-thumbnail","hentry","category-la-voix-des-autres","category-news"],"featured_image_urls":{"full":["http:\/\/www.kikayabinkarubi.net\/wp-content\/uploads\/2026\/04\/Screenshot-2026-04-30-at-13.00.53.png",1148,658,false],"thumbnail":["http:\/\/www.kikayabinkarubi.net\/wp-content\/uploads\/2026\/04\/Screenshot-2026-04-30-at-13.00.53-150x150.png",150,150,true],"medium":["http:\/\/www.kikayabinkarubi.net\/wp-content\/uploads\/2026\/04\/Screenshot-2026-04-30-at-13.00.53-300x172.png",300,172,true],"medium_large":["http:\/\/www.kikayabinkarubi.net\/wp-content\/uploads\/2026\/04\/Screenshot-2026-04-30-at-13.00.53-768x440.png",640,367,true],"large":["http:\/\/www.kikayabinkarubi.net\/wp-content\/uploads\/2026\/04\/Screenshot-2026-04-30-at-13.00.53-1024x587.png",640,367,true],"1536x1536":["http:\/\/www.kikayabinkarubi.net\/wp-content\/uploads\/2026\/04\/Screenshot-2026-04-30-at-13.00.53.png",1148,658,false],"2048x2048":["http:\/\/www.kikayabinkarubi.net\/wp-content\/uploads\/2026\/04\/Screenshot-2026-04-30-at-13.00.53.png",1148,658,false],"magnitude-slider-full":["http:\/\/www.kikayabinkarubi.net\/wp-content\/uploads\/2026\/04\/Screenshot-2026-04-30-at-13.00.53.png",1148,658,false],"magnitude-featured":["http:\/\/www.kikayabinkarubi.net\/wp-content\/uploads\/2026\/04\/Screenshot-2026-04-30-at-13.00.53-1024x587.png",1024,587,true],"magnitude-medium":["http:\/\/www.kikayabinkarubi.net\/wp-content\/uploads\/2026\/04\/Screenshot-2026-04-30-at-13.00.53-720x380.png",720,380,true],"magnitude-medium-square":["http:\/\/www.kikayabinkarubi.net\/wp-content\/uploads\/2026\/04\/Screenshot-2026-04-30-at-13.00.53-350x300.png",350,300,true]},"author_info":{"display_name":"Team BKBK","author_link":"http:\/\/www.kikayabinkarubi.net\/?author=1"},"category_info":"<a href=\"http:\/\/www.kikayabinkarubi.net\/?cat=12\" rel=\"category\">La voix des autres<\/a> <a href=\"http:\/\/www.kikayabinkarubi.net\/?cat=1\" rel=\"category\">Les Nouvelles | News<\/a>","tag_info":"Les Nouvelles | News","comment_count":"0","_links":{"self":[{"href":"http:\/\/www.kikayabinkarubi.net\/index.php?rest_route=\/wp\/v2\/posts\/3220","targetHints":{"allow":["GET"]}}],"collection":[{"href":"http:\/\/www.kikayabinkarubi.net\/index.php?rest_route=\/wp\/v2\/posts"}],"about":[{"href":"http:\/\/www.kikayabinkarubi.net\/index.php?rest_route=\/wp\/v2\/types\/post"}],"author":[{"embeddable":true,"href":"http:\/\/www.kikayabinkarubi.net\/index.php?rest_route=\/wp\/v2\/users\/1"}],"replies":[{"embeddable":true,"href":"http:\/\/www.kikayabinkarubi.net\/index.php?rest_route=%2Fwp%2Fv2%2Fcomments&post=3220"}],"version-history":[{"count":1,"href":"http:\/\/www.kikayabinkarubi.net\/index.php?rest_route=\/wp\/v2\/posts\/3220\/revisions"}],"predecessor-version":[{"id":3222,"href":"http:\/\/www.kikayabinkarubi.net\/index.php?rest_route=\/wp\/v2\/posts\/3220\/revisions\/3222"}],"wp:featuredmedia":[{"embeddable":true,"href":"http:\/\/www.kikayabinkarubi.net\/index.php?rest_route=\/wp\/v2\/media\/3221"}],"wp:attachment":[{"href":"http:\/\/www.kikayabinkarubi.net\/index.php?rest_route=%2Fwp%2Fv2%2Fmedia&parent=3220"}],"wp:term":[{"taxonomy":"category","embeddable":true,"href":"http:\/\/www.kikayabinkarubi.net\/index.php?rest_route=%2Fwp%2Fv2%2Fcategories&post=3220"},{"taxonomy":"post_tag","embeddable":true,"href":"http:\/\/www.kikayabinkarubi.net\/index.php?rest_route=%2Fwp%2Fv2%2Ftags&post=3220"}],"curies":[{"name":"wp","href":"https:\/\/api.w.org\/{rel}","templated":true}]}}